{"id":879,"date":"2016-06-18T01:05:20","date_gmt":"2016-06-17T23:05:20","guid":{"rendered":"http:\/\/pzs.si\/ktk\/wpstkp\/?p=879"},"modified":"2024-08-23T11:20:23","modified_gmt":"2024-08-23T09:20:23","slug":"42-planinski-dom-na-kumu-planinski-dom-na-jancah","status":"publish","type":"post","link":"https:\/\/stkp.pzs.si\/en\/2016\/06\/18\/42-planinski-dom-na-kumu-planinski-dom-na-jancah\/","title":{"rendered":"42: Planinski dom na Kumu &#8211; Planinski dom na Jan\u010dah"},"content":{"rendered":"<p><figure id=\"attachment_1611\" aria-describedby=\"caption-attachment-1611\" style=\"width: 750px\" class=\"wp-caption alignnone\"><a href=\"http:\/\/www.pzs.si\/koce.php?pid=135\" target=\"_blank\" rel=\"noopener noreferrer\"><img loading=\"lazy\" class=\"wp-image-1611 size-large\" src=\"http:\/\/pzs.si\/ktk\/wpstkp\/wp-content\/uploads\/2016\/06\/Kum-3-1024x576.jpg\" alt=\"Kum\" width=\"750\" height=\"422\" srcset=\"https:\/\/stkp.pzs.si\/wp-content\/uploads\/2016\/06\/Kum-3-1024x576.jpg 1024w, https:\/\/stkp.pzs.si\/wp-content\/uploads\/2016\/06\/Kum-3-300x169.jpg 300w, https:\/\/stkp.pzs.si\/wp-content\/uploads\/2016\/06\/Kum-3-100x56.jpg 100w, https:\/\/stkp.pzs.si\/wp-content\/uploads\/2016\/06\/Kum-3-150x84.jpg 150w, https:\/\/stkp.pzs.si\/wp-content\/uploads\/2016\/06\/Kum-3-200x113.jpg 200w, https:\/\/stkp.pzs.si\/wp-content\/uploads\/2016\/06\/Kum-3-450x253.jpg 450w, https:\/\/stkp.pzs.si\/wp-content\/uploads\/2016\/06\/Kum-3-600x338.jpg 600w, https:\/\/stkp.pzs.si\/wp-content\/uploads\/2016\/06\/Kum-3-900x506.jpg 900w, https:\/\/stkp.pzs.si\/wp-content\/uploads\/2016\/06\/Kum-3.jpg 1200w\" sizes=\"(max-width: 750px) 100vw, 750px\" \/><\/a><figcaption id=\"caption-attachment-1611\" class=\"wp-caption-text\">Kum [foto: Matej STRGAR\u0160EK]<\/figcaption><\/figure><strong>Dol\u017eina:&nbsp;<\/strong><\/p>\n<p><strong>Vzpon:&nbsp;<\/strong><\/p>\n<p><strong>Spust:<\/strong><\/p>\n<p><strong>Trajanje:<\/strong> 7-8 ur.<\/p>\n<p><strong>Kondicijska zahtevnost:<\/strong>,&nbsp; Zelo zahtevna.<\/p>\n<p><strong>Tehni\u010dna zahtevnost:<\/strong>, Srednje zahtevna.<\/p>\n<p><strong>Prevoznost:<\/strong> Trasa je prevozna v&nbsp; mokrem in v suhem vremenu.<\/p>\n<p><strong>Podlaga:<\/strong>: Makadam, asfalt, kolovoz, vlaka, steza.<\/p>\n<p><strong>Markiranost trase:&nbsp; <\/strong>Da.<\/p>\n<p style=\"text-align: justify;\">Od planinskega doma&nbsp;se spustimo dobra dva kilometra&nbsp;<a href=\"http:\/\/pzs.si\/ktk\/wpstkp\/wp-content\/uploads\/2016\/06\/Spust.jpg\" target=\"_blank\" rel=\"noopener noreferrer\">v obratni smeri pristopa<\/a>&nbsp;do <a href=\"http:\/\/pzs.si\/ktk\/wpstkp\/wp-content\/uploads\/2016\/06\/DSC06747.jpg\" target=\"_blank\" rel=\"noopener noreferrer\">makadamske ceste<\/a>, ki pelje okrog vrha Kuma proti&nbsp;Klju\u010devici. Zavijemo desno in sledimo cesti rahlo gor in dol mimo osamljene <a href=\"http:\/\/pzs.si\/ktk\/wpstkp\/wp-content\/uploads\/2016\/06\/DSC05788.jpg\" target=\"_blank\" rel=\"noopener noreferrer\">cerkvice Sv.Marije<\/a> do zadnje kmetije v Klju\u010devici&nbsp;<a href=\"http:\/\/pzs.si\/ktk\/wpstkp\/wp-content\/uploads\/2016\/06\/Dol\u0161ek-1.jpg\" target=\"_blank\" rel=\"noopener noreferrer\">Dol\u0161ek<\/a>. Od kmetije se najprej spustimo 50m po kolovozu navzdol, nato pa se rahlo povzpnemo okrog gozdnega grebena. Sledi kratek a mestoma strm <a href=\"http:\/\/pzs.si\/ktk\/wpstkp\/wp-content\/uploads\/2016\/06\/Spust-v-Mali-Kum-1.jpg\" target=\"_blank\" rel=\"noopener noreferrer\">spust<\/a> v <a href=\"http:\/\/pzs.si\/ktk\/wpstkp\/wp-content\/uploads\/2016\/06\/Mali-Kum-1.jpg\" target=\"_blank\" rel=\"noopener noreferrer\">Mali Kum<\/a>.<\/p>\n<p style=\"text-align: justify;\">-&gt; Varianta spusta | Na vrhu Kuma je zapornica in ob njej se v smeri Zidanega Mosta za\u010dne spu\u0161\u010dati ozna\u010dena&nbsp;planinska pot, ki je prvih 100m sicer dovolj \u0161iroka, vendar pa je zaradi zahtevne kamnite podlage primerna le za dobre kolesarje s polnovzmetenimi kolesi. Lahko pa ta <a href=\"http:\/\/pzs.si\/ktk\/wpstkp\/wp-content\/uploads\/2016\/06\/Kum-spust-1.jpg\" target=\"_blank\" rel=\"noopener noreferrer\">te\u017eavnej\u0161i del<\/a> kolo vodimo ob telesu in z vo\u017enjo za\u010dnemo&nbsp;malo ni\u017eje. Po 200 metrih spusta iz vrha pripeljemo v&nbsp;<a href=\"http:\/\/pzs.si\/ktk\/wpstkp\/wp-content\/uploads\/2016\/06\/DSC04460.jpg\" target=\"_blank\" rel=\"noopener noreferrer\">kri\u017ei\u0161\u010de<\/a>&nbsp;s planinskimi oznakami. Sledimo&nbsp;<a href=\"http:\/\/pzs.si\/ktk\/wpstkp\/wp-content\/uploads\/2016\/06\/DSC04461.jpg\" target=\"_blank\" rel=\"noopener noreferrer\">cesti<\/a>&nbsp;in planinskim oznakam naprej v smeri Zidanega mosta, \u010dez&nbsp;slab kilometer pa pripeljemo do <a href=\"http:\/\/pzs.si\/ktk\/wpstkp\/wp-content\/uploads\/2016\/06\/DSC06765.jpg\" target=\"_blank\" rel=\"noopener noreferrer\">kri\u017ei\u0161\u010da<\/a> s cesto&nbsp;po kateri vodi primarni spust in zavijemo desno. Na ta na\u010din izdatno skraj\u0161amo spust v primerjavi s primarnim, prikraj\u0161ani pa smo za <a href=\"http:\/\/pzs.si\/ktk\/wpstkp\/wp-content\/uploads\/2016\/06\/DSC05792.jpg\" target=\"_blank\" rel=\"noopener noreferrer\">lepe razglede<\/a> po dolenjski.<\/p>\n<p style=\"text-align: justify;\">V vasi Mali Kum se za\u010dne asfaltna cesta po kateri se spustimo do Podkuma in po <a href=\"http:\/\/pzs.si\/ktk\/wpstkp\/wp-content\/uploads\/2016\/06\/Planido.jpg\" target=\"_blank\" rel=\"noopener noreferrer\">razgledni planoti<\/a> kolesarimo v smeri <a href=\"http:\/\/www.bosanskikonj.si\/ErgelaPLANIDO.php?pid=1\" target=\"_blank\" rel=\"noopener noreferrer\">Rti\u010d<\/a>&nbsp;ter&nbsp;<a href=\"http:\/\/pzs.si\/ktk\/wpstkp\/wp-content\/uploads\/2016\/06\/Farna-cerkev-Lur\u0161ke-Matere-Bo\u017eje.jpg\" target=\"_blank\" rel=\"noopener noreferrer\">Pol\u0161nika<\/a>. V&nbsp;Pol\u0161niku nadaljujemo vo\u017enjo naravnost navzgor v smeri Velike Preske. \u010cez dober kilometer prikolesarimo v kri\u017ei\u0161\u010de na neizrazitem sedlu z lepim razgledom [tudi <a href=\"http:\/\/pzs.si\/ktk\/wpstkp\/wp-content\/uploads\/2016\/06\/Pol\u0161nik.jpg\" target=\"_blank\" rel=\"noopener noreferrer\">nazaj&nbsp;na Pol\u0161nik<\/a>], kjer zapeljemo&nbsp;naravnost navzgor po makadamski cesti deloma skozi gozd, deloma <a href=\"http:\/\/pzs.si\/ktk\/wpstkp\/wp-content\/uploads\/2016\/06\/Razgled-iz-poti-v-Dolgo-Brdo-.jpg\" target=\"_blank\" rel=\"noopener noreferrer\">po razgledni planoti<\/a> <a href=\"http:\/\/pzs.si\/ktk\/wpstkp\/wp-content\/uploads\/2016\/06\/V-smeri-Dolgega-Brda.jpg\" target=\"_blank\" rel=\"noopener noreferrer\">v smeri Dolgega Brda<\/a> in <a href=\"http:\/\/pzs.si\/ktk\/wpstkp\/wp-content\/uploads\/2016\/06\/Bukovica.jpg\" target=\"_blank\" rel=\"noopener noreferrer\">Bukovice<\/a> pri Litiji, zatem&nbsp;pa se spustimo navzdol v dolino. Ko pripeljemo&nbsp;do glavne ceste pred Cerovco&nbsp;zavijemo levo v smeri Gabrovke in vozimo po njej pribli\u017eno 100m, nato pa zavijemo desno na makadamsko cesto in ji sledimo sprva navzgor skozi opu\u0161\u010deni kamnolom v vas Rodni Vrh, nato pa sledi \u0161e spust v Veliko Kostrevnico.<\/p>\n<p>Po glavni cesti proti Litiji kmalu zagledamo smerokaz, ki nas usmeri levo proti Bogn\u0161perku. Po dobrih 100 m nas \u010dez mosti\u010dek spet vodi smerokaz. Od tu naprej sledimo markacijam prav do gradu. Asfalt se kmalu kon\u010da in nadomesti ga gozdna pot, ki je lahko ob de\u017eju precej blatna. Do gradu prispemo mimo paviljona in nato do glavne asfaltne ceste, kateri sledimo desno navzdol do \u0160martnega pri Litiji. Ko se pripeljemo do nove ceste s kolesarsko stezo, zavijemo levo na staro cesto v smeri lepo vidne, za \u0160martno zna\u010dilne cerkve. Nadaljujemo mimo cerkve in nato levo v smeri Besnice. Cesto za Besnico zapustimo v Zavrstniku ter zavijemo desno na makadamsko cesto, 50 m naprej od gasilskega doma. Cesta se kmalu kar strmo vzpne, vse dokler ne dose\u017eemo grebena, kjer pridemo do velikega kri\u017ei\u0161\u010da. Tu izberemo cesto v levo, kamor nas tudi usmeri smerokaz za Jan\u010de. Markirani poti sledimo vse do doma na Jan\u010dah &#8211; ve\u010dji del vozimo po gozdni cesti, zadnji del pa je asfaltiran. Pot se ves \u010das rahlo vzpenja.<\/p>\n<p><strong>Kontrolne to\u010dke: <\/strong><\/p>\n<p>109 Planinski dom na Kumu, Klju\u010devica 19, 1423 Dobovec, v ko\u010di<\/p>\n<p>110 Grad Bogen\u0161perk, Javni zavod Bogen\u0161perk, Bogen\u0161perk 5, 1275 \u0160martno pri Litiji, pred vhodom v grad<\/p>\n<p>111 Planinski dom na Jan\u010dah, Jan\u010de 1, 1000 Ljubljana, v ko\u010di za \u0161ankom<\/p>\n<p><strong>Preno\u010di\u0161\u010da:<\/strong><\/p>\n<ul>\n<li><a href=\"https:\/\/www.pzs.si\/koce.php?pid=135\">Planinski dom na Kumu<\/a><\/li>\n<li><a href=\"https:\/\/www.pzs.si\/koce.php?pid=147\">Planinski dom na Jan\u010dah<\/a><\/li>\n<\/ul>\n<p><strong>Okrep\u010devalnice:<\/strong><\/p>\n<ul>\n<li><a href=\"https:\/\/www.pzs.si\/koce.php?pid=135\">Planinski dom na Kumu<\/a><\/li>\n<li><a href=\"https:\/\/www.pzs.si\/koce.php?pid=147\">Planinski dom na Jan\u010dah<\/a><\/li>\n<\/ul>\n<p><strong>Trgovine:<\/strong><\/p>\n<p>\u0160martno pri Litiji.<\/p>\n<p><strong>Znamenitosti:<\/strong><\/p>\n<p><a href=\"https:\/\/www.bogensperk.si\/\">Grad Bogen\u0161perk.<\/a><\/p>\n<p><strong>Kolesarski servisi:<\/strong><\/p>\n<p><a href=\"http:\/\/www.srce-slovenije.si\/turizem\/ponudniki\/Kolesarski-servis-LAMU-Litija\">Lamu<\/a>, Litija.<\/p>\n<p><strong>Polnilnice za e-kolesa:<\/strong><\/p>\n<p>Ni<\/p>\n<p><strong>Informacije o prevozu koles z vlakom:&nbsp;<\/strong><a href=\"http:\/\/www.slo-zeleznice.si\/sl\/potniki\/izleti-in-prireditve\/s-kolesom-na-vlak\">tukaj &gt;&gt;<\/a><\/p>\n<p><a href=\"https:\/\/potniski.sz.si\/\">Vozni redi in nakup vozovnic.<\/a> \u017delezni\u0161ka postaja je v Litiji in v Jevnici.<\/p>\n<div data-carousel-extra='{\"blog_id\":1,\"permalink\":\"https:\\\/\\\/stkp.pzs.si\\\/en\\\/2016\\\/06\\\/18\\\/42-planinski-dom-na-kumu-planinski-dom-na-jancah\\\/\"}' id='gallery-1' class='gallery galleryid-879 gallery-columns-3 gallery-size-responsive-200'><figure class='gallery-item'>\n\t\t\t<div class='gallery-icon landscape'>\n\t\t\t\t<a href='https:\/\/stkp.pzs.si\/en\/2016\/06\/18\/42-planinski-dom-na-kumu-planinski-dom-na-jancah\/planinski-dom-na-kumu\/'><img data-attachment-id=\"1560\" data-orig-file=\"https:\/\/stkp.pzs.si\/wp-content\/uploads\/2016\/06\/Planinski-dom-na-Kumu.jpg\" data-orig-size=\"800,450\" data-comments-opened=\"1\" data-image-meta=\"{&quot;aperture&quot;:&quot;8&quot;,&quot;credit&quot;:&quot;&quot;,&quot;camera&quot;:&quot;DSC-HX9V&quot;,&quot;caption&quot;:&quot;&quot;,&quot;created_timestamp&quot;:&quot;1402229066&quot;,&quot;copyright&quot;:&quot;&quot;,&quot;focal_length&quot;:&quot;4.28&quot;,&quot;iso&quot;:&quot;100&quot;,&quot;shutter_speed&quot;:&quot;0.005&quot;,&quot;title&quot;:&quot;&quot;,&quot;orientation&quot;:&quot;1&quot;,&quot;keywords&quot;:&quot;Array&quot;}\" data-image-title=\"Planinski dom na Kumu\" data-image-description=\"\" data-medium-file=\"https:\/\/stkp.pzs.si\/wp-content\/uploads\/2016\/06\/Planinski-dom-na-Kumu-300x169.jpg\" data-large-file=\"https:\/\/stkp.pzs.si\/wp-content\/uploads\/2016\/06\/Planinski-dom-na-Kumu.jpg\" width=\"200\" height=\"113\" src=\"https:\/\/stkp.pzs.si\/wp-content\/uploads\/2016\/06\/Planinski-dom-na-Kumu-200x113.jpg\" class=\"attachment-responsive-200 size-responsive-200\" alt=\"\" loading=\"lazy\" aria-describedby=\"gallery-1-1560\" srcset=\"https:\/\/stkp.pzs.si\/wp-content\/uploads\/2016\/06\/Planinski-dom-na-Kumu-200x113.jpg 200w, https:\/\/stkp.pzs.si\/wp-content\/uploads\/2016\/06\/Planinski-dom-na-Kumu-300x169.jpg 300w, https:\/\/stkp.pzs.si\/wp-content\/uploads\/2016\/06\/Planinski-dom-na-Kumu-100x56.jpg 100w, https:\/\/stkp.pzs.si\/wp-content\/uploads\/2016\/06\/Planinski-dom-na-Kumu-150x84.jpg 150w, https:\/\/stkp.pzs.si\/wp-content\/uploads\/2016\/06\/Planinski-dom-na-Kumu-450x253.jpg 450w, https:\/\/stkp.pzs.si\/wp-content\/uploads\/2016\/06\/Planinski-dom-na-Kumu-600x338.jpg 600w, https:\/\/stkp.pzs.si\/wp-content\/uploads\/2016\/06\/Planinski-dom-na-Kumu.jpg 800w\" sizes=\"(max-width: 200px) 100vw, 200px\" \/><\/a>\n\t\t\t<\/div>\n\t\t\t\t<figcaption class='wp-caption-text gallery-caption' id='gallery-1-1560'>\n\t\t\t\tPlaninski dom na Kumu\n\t\t\t\t<\/figcaption><\/figure><figure class='gallery-item'>\n\t\t\t<div class='gallery-icon landscape'>\n\t\t\t\t<a href='https:\/\/stkp.pzs.si\/en\/2016\/06\/18\/42-planinski-dom-na-kumu-planinski-dom-na-jancah\/spust\/'><img data-attachment-id=\"1562\" data-orig-file=\"https:\/\/stkp.pzs.si\/wp-content\/uploads\/2016\/06\/Spust.jpg\" data-orig-size=\"800,450\" data-comments-opened=\"1\" data-image-meta=\"{&quot;aperture&quot;:&quot;3.3&quot;,&quot;credit&quot;:&quot;&quot;,&quot;camera&quot;:&quot;DSC-HX9V&quot;,&quot;caption&quot;:&quot;&quot;,&quot;created_timestamp&quot;:&quot;1411231188&quot;,&quot;copyright&quot;:&quot;&quot;,&quot;focal_length&quot;:&quot;4.28&quot;,&quot;iso&quot;:&quot;100&quot;,&quot;shutter_speed&quot;:&quot;0.008&quot;,&quot;title&quot;:&quot;&quot;,&quot;orientation&quot;:&quot;1&quot;,&quot;keywords&quot;:&quot;Array&quot;}\" data-image-title=\"Spust\" data-image-description=\"\" data-medium-file=\"https:\/\/stkp.pzs.si\/wp-content\/uploads\/2016\/06\/Spust-300x169.jpg\" data-large-file=\"https:\/\/stkp.pzs.si\/wp-content\/uploads\/2016\/06\/Spust.jpg\" width=\"200\" height=\"113\" src=\"https:\/\/stkp.pzs.si\/wp-content\/uploads\/2016\/06\/Spust-200x113.jpg\" class=\"attachment-responsive-200 size-responsive-200\" alt=\"\" loading=\"lazy\" aria-describedby=\"gallery-1-1562\" srcset=\"https:\/\/stkp.pzs.si\/wp-content\/uploads\/2016\/06\/Spust-200x113.jpg 200w, https:\/\/stkp.pzs.si\/wp-content\/uploads\/2016\/06\/Spust-300x169.jpg 300w, https:\/\/stkp.pzs.si\/wp-content\/uploads\/2016\/06\/Spust-100x56.jpg 100w, https:\/\/stkp.pzs.si\/wp-content\/uploads\/2016\/06\/Spust-150x84.jpg 150w, https:\/\/stkp.pzs.si\/wp-content\/uploads\/2016\/06\/Spust-450x253.jpg 450w, https:\/\/stkp.pzs.si\/wp-content\/uploads\/2016\/06\/Spust-600x338.jpg 600w, https:\/\/stkp.pzs.si\/wp-content\/uploads\/2016\/06\/Spust.jpg 800w\" sizes=\"(max-width: 200px) 100vw, 200px\" \/><\/a>\n\t\t\t<\/div>\n\t\t\t\t<figcaption class='wp-caption-text gallery-caption' id='gallery-1-1562'>\n\t\t\t\tSpust\n\t\t\t\t<\/figcaption><\/figure><figure class='gallery-item'>\n\t\t\t<div class='gallery-icon landscape'>\n\t\t\t\t<a href='https:\/\/stkp.pzs.si\/en\/2016\/06\/18\/42-planinski-dom-na-kumu-planinski-dom-na-jancah\/dsc06747\/'><img data-attachment-id=\"1541\" data-orig-file=\"https:\/\/stkp.pzs.si\/wp-content\/uploads\/2016\/06\/DSC06747.jpg\" data-orig-size=\"800,450\" data-comments-opened=\"1\" data-image-meta=\"{&quot;aperture&quot;:&quot;3.3&quot;,&quot;credit&quot;:&quot;&quot;,&quot;camera&quot;:&quot;DSC-HX9V&quot;,&quot;caption&quot;:&quot;&quot;,&quot;created_timestamp&quot;:&quot;1411231491&quot;,&quot;copyright&quot;:&quot;&quot;,&quot;focal_length&quot;:&quot;4.28&quot;,&quot;iso&quot;:&quot;200&quot;,&quot;shutter_speed&quot;:&quot;0.0333333333333&quot;,&quot;title&quot;:&quot;&quot;,&quot;orientation&quot;:&quot;1&quot;,&quot;keywords&quot;:&quot;Array&quot;}\" data-image-title=\"Cesta v Klju\u010devico\" data-image-description=\"\" data-medium-file=\"https:\/\/stkp.pzs.si\/wp-content\/uploads\/2016\/06\/DSC06747-300x169.jpg\" data-large-file=\"https:\/\/stkp.pzs.si\/wp-content\/uploads\/2016\/06\/DSC06747.jpg\" width=\"200\" height=\"113\" src=\"https:\/\/stkp.pzs.si\/wp-content\/uploads\/2016\/06\/DSC06747-200x113.jpg\" class=\"attachment-responsive-200 size-responsive-200\" alt=\"\" loading=\"lazy\" aria-describedby=\"gallery-1-1541\" srcset=\"https:\/\/stkp.pzs.si\/wp-content\/uploads\/2016\/06\/DSC06747-200x113.jpg 200w, https:\/\/stkp.pzs.si\/wp-content\/uploads\/2016\/06\/DSC06747-300x169.jpg 300w, https:\/\/stkp.pzs.si\/wp-content\/uploads\/2016\/06\/DSC06747-100x56.jpg 100w, https:\/\/stkp.pzs.si\/wp-content\/uploads\/2016\/06\/DSC06747-150x84.jpg 150w, https:\/\/stkp.pzs.si\/wp-content\/uploads\/2016\/06\/DSC06747-450x253.jpg 450w, https:\/\/stkp.pzs.si\/wp-content\/uploads\/2016\/06\/DSC06747-600x338.jpg 600w, https:\/\/stkp.pzs.si\/wp-content\/uploads\/2016\/06\/DSC06747.jpg 800w\" sizes=\"(max-width: 200px) 100vw, 200px\" \/><\/a>\n\t\t\t<\/div>\n\t\t\t\t<figcaption class='wp-caption-text gallery-caption' id='gallery-1-1541'>\n\t\t\t\tCesta v Klju\u010devico\n\t\t\t\t<\/figcaption><\/figure><figure class='gallery-item'>\n\t\t\t<div class='gallery-icon landscape'>\n\t\t\t\t<a href='https:\/\/stkp.pzs.si\/en\/2016\/06\/18\/42-planinski-dom-na-kumu-planinski-dom-na-jancah\/kum-spust-1\/'><img data-attachment-id=\"1545\" data-orig-file=\"https:\/\/stkp.pzs.si\/wp-content\/uploads\/2016\/06\/Kum-spust-1.jpg\" data-orig-size=\"800,450\" data-comments-opened=\"1\" data-image-meta=\"{&quot;aperture&quot;:&quot;3.3&quot;,&quot;credit&quot;:&quot;&quot;,&quot;camera&quot;:&quot;DSC-HX9V&quot;,&quot;caption&quot;:&quot;&quot;,&quot;created_timestamp&quot;:&quot;1399809642&quot;,&quot;copyright&quot;:&quot;&quot;,&quot;focal_length&quot;:&quot;4.28&quot;,&quot;iso&quot;:&quot;100&quot;,&quot;shutter_speed&quot;:&quot;0.0125&quot;,&quot;title&quot;:&quot;&quot;,&quot;orientation&quot;:&quot;1&quot;,&quot;keywords&quot;:&quot;Array&quot;}\" data-image-title=\"Kum spust &#8211; varianta\" data-image-description=\"\" data-medium-file=\"https:\/\/stkp.pzs.si\/wp-content\/uploads\/2016\/06\/Kum-spust-1-300x169.jpg\" data-large-file=\"https:\/\/stkp.pzs.si\/wp-content\/uploads\/2016\/06\/Kum-spust-1.jpg\" width=\"200\" height=\"113\" src=\"https:\/\/stkp.pzs.si\/wp-content\/uploads\/2016\/06\/Kum-spust-1-200x113.jpg\" class=\"attachment-responsive-200 size-responsive-200\" alt=\"\" loading=\"lazy\" aria-describedby=\"gallery-1-1545\" srcset=\"https:\/\/stkp.pzs.si\/wp-content\/uploads\/2016\/06\/Kum-spust-1-200x113.jpg 200w, https:\/\/stkp.pzs.si\/wp-content\/uploads\/2016\/06\/Kum-spust-1-300x169.jpg 300w, https:\/\/stkp.pzs.si\/wp-content\/uploads\/2016\/06\/Kum-spust-1-100x56.jpg 100w, https:\/\/stkp.pzs.si\/wp-content\/uploads\/2016\/06\/Kum-spust-1-150x84.jpg 150w, https:\/\/stkp.pzs.si\/wp-content\/uploads\/2016\/06\/Kum-spust-1-450x253.jpg 450w, https:\/\/stkp.pzs.si\/wp-content\/uploads\/2016\/06\/Kum-spust-1-600x338.jpg 600w, https:\/\/stkp.pzs.si\/wp-content\/uploads\/2016\/06\/Kum-spust-1.jpg 800w\" sizes=\"(max-width: 200px) 100vw, 200px\" \/><\/a>\n\t\t\t<\/div>\n\t\t\t\t<figcaption class='wp-caption-text gallery-caption' id='gallery-1-1545'>\n\t\t\t\tKum spust &#8211; varianta\n\t\t\t\t<\/figcaption><\/figure><figure class='gallery-item'>\n\t\t\t<div class='gallery-icon landscape'>\n\t\t\t\t<a href='https:\/\/stkp.pzs.si\/en\/2016\/06\/18\/42-planinski-dom-na-kumu-planinski-dom-na-jancah\/dsc04460\/'><img data-attachment-id=\"1548\" data-orig-file=\"https:\/\/stkp.pzs.si\/wp-content\/uploads\/2016\/06\/DSC04460.jpg\" data-orig-size=\"800,450\" data-comments-opened=\"1\" data-image-meta=\"{&quot;aperture&quot;:&quot;3.3&quot;,&quot;credit&quot;:&quot;&quot;,&quot;camera&quot;:&quot;DSC-HX9V&quot;,&quot;caption&quot;:&quot;&quot;,&quot;created_timestamp&quot;:&quot;1383217727&quot;,&quot;copyright&quot;:&quot;&quot;,&quot;focal_length&quot;:&quot;4.28&quot;,&quot;iso&quot;:&quot;100&quot;,&quot;shutter_speed&quot;:&quot;0.005&quot;,&quot;title&quot;:&quot;&quot;,&quot;orientation&quot;:&quot;1&quot;,&quot;keywords&quot;:&quot;Array&quot;}\" data-image-title=\"Kri\u017ei\u0161\u010de pod Kumom\" data-image-description=\"\" data-medium-file=\"https:\/\/stkp.pzs.si\/wp-content\/uploads\/2016\/06\/DSC04460-300x169.jpg\" data-large-file=\"https:\/\/stkp.pzs.si\/wp-content\/uploads\/2016\/06\/DSC04460.jpg\" width=\"200\" height=\"113\" src=\"https:\/\/stkp.pzs.si\/wp-content\/uploads\/2016\/06\/DSC04460-200x113.jpg\" class=\"attachment-responsive-200 size-responsive-200\" alt=\"\" loading=\"lazy\" aria-describedby=\"gallery-1-1548\" srcset=\"https:\/\/stkp.pzs.si\/wp-content\/uploads\/2016\/06\/DSC04460-200x113.jpg 200w, https:\/\/stkp.pzs.si\/wp-content\/uploads\/2016\/06\/DSC04460-300x169.jpg 300w, https:\/\/stkp.pzs.si\/wp-content\/uploads\/2016\/06\/DSC04460-100x56.jpg 100w, https:\/\/stkp.pzs.si\/wp-content\/uploads\/2016\/06\/DSC04460-150x84.jpg 150w, https:\/\/stkp.pzs.si\/wp-content\/uploads\/2016\/06\/DSC04460-450x253.jpg 450w, https:\/\/stkp.pzs.si\/wp-content\/uploads\/2016\/06\/DSC04460-600x338.jpg 600w, https:\/\/stkp.pzs.si\/wp-content\/uploads\/2016\/06\/DSC04460.jpg 800w\" sizes=\"(max-width: 200px) 100vw, 200px\" \/><\/a>\n\t\t\t<\/div>\n\t\t\t\t<figcaption class='wp-caption-text gallery-caption' id='gallery-1-1548'>\n\t\t\t\tKri\u017ei\u0161\u010de pod Kumom\n\t\t\t\t<\/figcaption><\/figure><figure class='gallery-item'>\n\t\t\t<div class='gallery-icon landscape'>\n\t\t\t\t<a href='https:\/\/stkp.pzs.si\/en\/2016\/06\/18\/42-planinski-dom-na-kumu-planinski-dom-na-jancah\/dsc04461\/'><img data-attachment-id=\"1550\" data-orig-file=\"https:\/\/stkp.pzs.si\/wp-content\/uploads\/2016\/06\/DSC04461.jpg\" data-orig-size=\"800,450\" data-comments-opened=\"1\" data-image-meta=\"{&quot;aperture&quot;:&quot;3.3&quot;,&quot;credit&quot;:&quot;&quot;,&quot;camera&quot;:&quot;DSC-HX9V&quot;,&quot;caption&quot;:&quot;&quot;,&quot;created_timestamp&quot;:&quot;1383217747&quot;,&quot;copyright&quot;:&quot;&quot;,&quot;focal_length&quot;:&quot;4.28&quot;,&quot;iso&quot;:&quot;100&quot;,&quot;shutter_speed&quot;:&quot;0.003125&quot;,&quot;title&quot;:&quot;&quot;,&quot;orientation&quot;:&quot;1&quot;,&quot;keywords&quot;:&quot;Array&quot;}\" data-image-title=\"Cesta v smeri Zidanega Mosta\" data-image-description=\"\" data-medium-file=\"https:\/\/stkp.pzs.si\/wp-content\/uploads\/2016\/06\/DSC04461-300x169.jpg\" data-large-file=\"https:\/\/stkp.pzs.si\/wp-content\/uploads\/2016\/06\/DSC04461.jpg\" width=\"200\" height=\"113\" src=\"https:\/\/stkp.pzs.si\/wp-content\/uploads\/2016\/06\/DSC04461-200x113.jpg\" class=\"attachment-responsive-200 size-responsive-200\" alt=\"\" loading=\"lazy\" aria-describedby=\"gallery-1-1550\" srcset=\"https:\/\/stkp.pzs.si\/wp-content\/uploads\/2016\/06\/DSC04461-200x113.jpg 200w, https:\/\/stkp.pzs.si\/wp-content\/uploads\/2016\/06\/DSC04461-300x169.jpg 300w, https:\/\/stkp.pzs.si\/wp-content\/uploads\/2016\/06\/DSC04461-100x56.jpg 100w, https:\/\/stkp.pzs.si\/wp-content\/uploads\/2016\/06\/DSC04461-150x84.jpg 150w, https:\/\/stkp.pzs.si\/wp-content\/uploads\/2016\/06\/DSC04461-450x253.jpg 450w, https:\/\/stkp.pzs.si\/wp-content\/uploads\/2016\/06\/DSC04461-600x338.jpg 600w, https:\/\/stkp.pzs.si\/wp-content\/uploads\/2016\/06\/DSC04461.jpg 800w\" sizes=\"(max-width: 200px) 100vw, 200px\" \/><\/a>\n\t\t\t<\/div>\n\t\t\t\t<figcaption class='wp-caption-text gallery-caption' id='gallery-1-1550'>\n\t\t\t\tCesta v smeri Zidanega Mosta\n\t\t\t\t<\/figcaption><\/figure><figure class='gallery-item'>\n\t\t\t<div class='gallery-icon landscape'>\n\t\t\t\t<a href='https:\/\/stkp.pzs.si\/en\/2016\/06\/18\/42-planinski-dom-na-kumu-planinski-dom-na-jancah\/dsc06765\/'><img data-attachment-id=\"1552\" data-orig-file=\"https:\/\/stkp.pzs.si\/wp-content\/uploads\/2016\/06\/DSC06765.jpg\" data-orig-size=\"800,450\" data-comments-opened=\"1\" data-image-meta=\"{&quot;aperture&quot;:&quot;3.3&quot;,&quot;credit&quot;:&quot;&quot;,&quot;camera&quot;:&quot;DSC-HX9V&quot;,&quot;caption&quot;:&quot;&quot;,&quot;created_timestamp&quot;:&quot;1411232378&quot;,&quot;copyright&quot;:&quot;&quot;,&quot;focal_length&quot;:&quot;4.28&quot;,&quot;iso&quot;:&quot;100&quot;,&quot;shutter_speed&quot;:&quot;0.00625&quot;,&quot;title&quot;:&quot;&quot;,&quot;orientation&quot;:&quot;1&quot;,&quot;keywords&quot;:&quot;Array&quot;}\" data-image-title=\"Kri\u017ei\u0161\u010de v Klju\u010devici\" data-image-description=\"\" data-medium-file=\"https:\/\/stkp.pzs.si\/wp-content\/uploads\/2016\/06\/DSC06765-300x169.jpg\" data-large-file=\"https:\/\/stkp.pzs.si\/wp-content\/uploads\/2016\/06\/DSC06765.jpg\" width=\"200\" height=\"113\" src=\"https:\/\/stkp.pzs.si\/wp-content\/uploads\/2016\/06\/DSC06765-200x113.jpg\" class=\"attachment-responsive-200 size-responsive-200\" alt=\"\" loading=\"lazy\" aria-describedby=\"gallery-1-1552\" srcset=\"https:\/\/stkp.pzs.si\/wp-content\/uploads\/2016\/06\/DSC06765-200x113.jpg 200w, https:\/\/stkp.pzs.si\/wp-content\/uploads\/2016\/06\/DSC06765-300x169.jpg 300w, https:\/\/stkp.pzs.si\/wp-content\/uploads\/2016\/06\/DSC06765-100x56.jpg 100w, https:\/\/stkp.pzs.si\/wp-content\/uploads\/2016\/06\/DSC06765-150x84.jpg 150w, https:\/\/stkp.pzs.si\/wp-content\/uploads\/2016\/06\/DSC06765-450x253.jpg 450w, https:\/\/stkp.pzs.si\/wp-content\/uploads\/2016\/06\/DSC06765-600x338.jpg 600w, https:\/\/stkp.pzs.si\/wp-content\/uploads\/2016\/06\/DSC06765.jpg 800w\" sizes=\"(max-width: 200px) 100vw, 200px\" \/><\/a>\n\t\t\t<\/div>\n\t\t\t\t<figcaption class='wp-caption-text gallery-caption' id='gallery-1-1552'>\n\t\t\t\tKri\u017ei\u0161\u010de v Klju\u010devici\n\t\t\t\t<\/figcaption><\/figure><figure class='gallery-item'>\n\t\t\t<div class='gallery-icon landscape'>\n\t\t\t\t<a href='https:\/\/stkp.pzs.si\/en\/2016\/06\/18\/42-planinski-dom-na-kumu-planinski-dom-na-jancah\/dsc05792\/'><img data-attachment-id=\"1555\" data-orig-file=\"https:\/\/stkp.pzs.si\/wp-content\/uploads\/2016\/06\/DSC05792.jpg\" data-orig-size=\"800,450\" data-comments-opened=\"1\" data-image-meta=\"{&quot;aperture&quot;:&quot;3.3&quot;,&quot;credit&quot;:&quot;&quot;,&quot;camera&quot;:&quot;DSC-HX9V&quot;,&quot;caption&quot;:&quot;&quot;,&quot;created_timestamp&quot;:&quot;1402226671&quot;,&quot;copyright&quot;:&quot;&quot;,&quot;focal_length&quot;:&quot;4.28&quot;,&quot;iso&quot;:&quot;100&quot;,&quot;shutter_speed&quot;:&quot;0.00125&quot;,&quot;title&quot;:&quot;&quot;,&quot;orientation&quot;:&quot;1&quot;,&quot;keywords&quot;:&quot;Array&quot;}\" data-image-title=\"Razgled na dolenjsko stran\" data-image-description=\"\" data-medium-file=\"https:\/\/stkp.pzs.si\/wp-content\/uploads\/2016\/06\/DSC05792-300x169.jpg\" data-large-file=\"https:\/\/stkp.pzs.si\/wp-content\/uploads\/2016\/06\/DSC05792.jpg\" width=\"200\" height=\"113\" src=\"https:\/\/stkp.pzs.si\/wp-content\/uploads\/2016\/06\/DSC05792-200x113.jpg\" class=\"attachment-responsive-200 size-responsive-200\" alt=\"\" loading=\"lazy\" aria-describedby=\"gallery-1-1555\" srcset=\"https:\/\/stkp.pzs.si\/wp-content\/uploads\/2016\/06\/DSC05792-200x113.jpg 200w, https:\/\/stkp.pzs.si\/wp-content\/uploads\/2016\/06\/DSC05792-300x169.jpg 300w, https:\/\/stkp.pzs.si\/wp-content\/uploads\/2016\/06\/DSC05792-100x56.jpg 100w, https:\/\/stkp.pzs.si\/wp-content\/uploads\/2016\/06\/DSC05792-150x84.jpg 150w, https:\/\/stkp.pzs.si\/wp-content\/uploads\/2016\/06\/DSC05792-450x253.jpg 450w, https:\/\/stkp.pzs.si\/wp-content\/uploads\/2016\/06\/DSC05792-600x338.jpg 600w, https:\/\/stkp.pzs.si\/wp-content\/uploads\/2016\/06\/DSC05792.jpg 800w\" sizes=\"(max-width: 200px) 100vw, 200px\" \/><\/a>\n\t\t\t<\/div>\n\t\t\t\t<figcaption class='wp-caption-text gallery-caption' id='gallery-1-1555'>\n\t\t\t\tRazgled na dolenjsko stran\n\t\t\t\t<\/figcaption><\/figure><figure class='gallery-item'>\n\t\t\t<div class='gallery-icon portrait'>\n\t\t\t\t<a href='https:\/\/stkp.pzs.si\/en\/2016\/06\/18\/42-planinski-dom-na-kumu-planinski-dom-na-jancah\/dsc05788\/'><img data-attachment-id=\"1557\" data-orig-file=\"https:\/\/stkp.pzs.si\/wp-content\/uploads\/2016\/06\/DSC05788.jpg\" data-orig-size=\"450,800\" data-comments-opened=\"1\" data-image-meta=\"{&quot;aperture&quot;:&quot;8&quot;,&quot;credit&quot;:&quot;&quot;,&quot;camera&quot;:&quot;DSC-HX9V&quot;,&quot;caption&quot;:&quot;&quot;,&quot;created_timestamp&quot;:&quot;1402226607&quot;,&quot;copyright&quot;:&quot;&quot;,&quot;focal_length&quot;:&quot;4.28&quot;,&quot;iso&quot;:&quot;100&quot;,&quot;shutter_speed&quot;:&quot;0.005&quot;,&quot;title&quot;:&quot;&quot;,&quot;orientation&quot;:&quot;1&quot;,&quot;keywords&quot;:&quot;Array&quot;}\" data-image-title=\"Cerkev Sv.Marije\" data-image-description=\"\" data-medium-file=\"https:\/\/stkp.pzs.si\/wp-content\/uploads\/2016\/06\/DSC05788-169x300.jpg\" data-large-file=\"https:\/\/stkp.pzs.si\/wp-content\/uploads\/2016\/06\/DSC05788.jpg\" width=\"200\" height=\"356\" src=\"https:\/\/stkp.pzs.si\/wp-content\/uploads\/2016\/06\/DSC05788-200x356.jpg\" class=\"attachment-responsive-200 size-responsive-200\" alt=\"\" loading=\"lazy\" aria-describedby=\"gallery-1-1557\" srcset=\"https:\/\/stkp.pzs.si\/wp-content\/uploads\/2016\/06\/DSC05788-200x356.jpg 200w, https:\/\/stkp.pzs.si\/wp-content\/uploads\/2016\/06\/DSC05788-169x300.jpg 169w, https:\/\/stkp.pzs.si\/wp-content\/uploads\/2016\/06\/DSC05788-100x178.jpg 100w, https:\/\/stkp.pzs.si\/wp-content\/uploads\/2016\/06\/DSC05788-150x267.jpg 150w, https:\/\/stkp.pzs.si\/wp-content\/uploads\/2016\/06\/DSC05788-300x533.jpg 300w, https:\/\/stkp.pzs.si\/wp-content\/uploads\/2016\/06\/DSC05788.jpg 450w\" sizes=\"(max-width: 200px) 100vw, 200px\" \/><\/a>\n\t\t\t<\/div>\n\t\t\t\t<figcaption class='wp-caption-text gallery-caption' id='gallery-1-1557'>\n\t\t\t\tCerkev Sv.Marije\n\t\t\t\t<\/figcaption><\/figure><figure class='gallery-item'>\n\t\t\t<div class='gallery-icon landscape'>\n\t\t\t\t<a href='https:\/\/stkp.pzs.si\/en\/2016\/06\/18\/42-planinski-dom-na-kumu-planinski-dom-na-jancah\/dolsek-2\/'><img data-attachment-id=\"1542\" data-orig-file=\"https:\/\/stkp.pzs.si\/wp-content\/uploads\/2016\/06\/Dol\u0161ek-1.jpg\" data-orig-size=\"800,450\" data-comments-opened=\"1\" data-image-meta=\"{&quot;aperture&quot;:&quot;3.3&quot;,&quot;credit&quot;:&quot;&quot;,&quot;camera&quot;:&quot;DSC-HX9V&quot;,&quot;caption&quot;:&quot;&quot;,&quot;created_timestamp&quot;:&quot;1411834316&quot;,&quot;copyright&quot;:&quot;&quot;,&quot;focal_length&quot;:&quot;4.28&quot;,&quot;iso&quot;:&quot;100&quot;,&quot;shutter_speed&quot;:&quot;0.00125&quot;,&quot;title&quot;:&quot;&quot;,&quot;orientation&quot;:&quot;1&quot;,&quot;keywords&quot;:&quot;Array&quot;}\" data-image-title=\"Dol\u0161ek\" data-image-description=\"\" data-medium-file=\"https:\/\/stkp.pzs.si\/wp-content\/uploads\/2016\/06\/Dol\u0161ek-1-300x169.jpg\" data-large-file=\"https:\/\/stkp.pzs.si\/wp-content\/uploads\/2016\/06\/Dol\u0161ek-1.jpg\" width=\"200\" height=\"113\" src=\"https:\/\/stkp.pzs.si\/wp-content\/uploads\/2016\/06\/Dol\u0161ek-1-200x113.jpg\" class=\"attachment-responsive-200 size-responsive-200\" alt=\"\" loading=\"lazy\" aria-describedby=\"gallery-1-1542\" srcset=\"https:\/\/stkp.pzs.si\/wp-content\/uploads\/2016\/06\/Dol\u0161ek-1-200x113.jpg 200w, https:\/\/stkp.pzs.si\/wp-content\/uploads\/2016\/06\/Dol\u0161ek-1-300x169.jpg 300w, https:\/\/stkp.pzs.si\/wp-content\/uploads\/2016\/06\/Dol\u0161ek-1-100x56.jpg 100w, https:\/\/stkp.pzs.si\/wp-content\/uploads\/2016\/06\/Dol\u0161ek-1-150x84.jpg 150w, https:\/\/stkp.pzs.si\/wp-content\/uploads\/2016\/06\/Dol\u0161ek-1-450x253.jpg 450w, https:\/\/stkp.pzs.si\/wp-content\/uploads\/2016\/06\/Dol\u0161ek-1-600x338.jpg 600w, https:\/\/stkp.pzs.si\/wp-content\/uploads\/2016\/06\/Dol\u0161ek-1.jpg 800w\" sizes=\"(max-width: 200px) 100vw, 200px\" \/><\/a>\n\t\t\t<\/div>\n\t\t\t\t<figcaption class='wp-caption-text gallery-caption' id='gallery-1-1542'>\n\t\t\t\tDol\u0161ek\n\t\t\t\t<\/figcaption><\/figure><figure class='gallery-item'>\n\t\t\t<div class='gallery-icon landscape'>\n\t\t\t\t<a href='https:\/\/stkp.pzs.si\/en\/2016\/06\/18\/42-planinski-dom-na-kumu-planinski-dom-na-jancah\/spust-v-mali-kum-2\/'><img data-attachment-id=\"1543\" data-orig-file=\"https:\/\/stkp.pzs.si\/wp-content\/uploads\/2016\/06\/Spust-v-Mali-Kum-1.jpg\" data-orig-size=\"800,450\" data-comments-opened=\"1\" data-image-meta=\"{&quot;aperture&quot;:&quot;3.3&quot;,&quot;credit&quot;:&quot;&quot;,&quot;camera&quot;:&quot;DSC-HX9V&quot;,&quot;caption&quot;:&quot;&quot;,&quot;created_timestamp&quot;:&quot;1402224996&quot;,&quot;copyright&quot;:&quot;&quot;,&quot;focal_length&quot;:&quot;4.28&quot;,&quot;iso&quot;:&quot;100&quot;,&quot;shutter_speed&quot;:&quot;0.0125&quot;,&quot;title&quot;:&quot;&quot;,&quot;orientation&quot;:&quot;1&quot;,&quot;keywords&quot;:&quot;Array&quot;}\" data-image-title=\"Spust v Mali Kum\" data-image-description=\"\" data-medium-file=\"https:\/\/stkp.pzs.si\/wp-content\/uploads\/2016\/06\/Spust-v-Mali-Kum-1-300x169.jpg\" data-large-file=\"https:\/\/stkp.pzs.si\/wp-content\/uploads\/2016\/06\/Spust-v-Mali-Kum-1.jpg\" width=\"200\" height=\"113\" src=\"https:\/\/stkp.pzs.si\/wp-content\/uploads\/2016\/06\/Spust-v-Mali-Kum-1-200x113.jpg\" class=\"attachment-responsive-200 size-responsive-200\" alt=\"\" loading=\"lazy\" aria-describedby=\"gallery-1-1543\" srcset=\"https:\/\/stkp.pzs.si\/wp-content\/uploads\/2016\/06\/Spust-v-Mali-Kum-1-200x113.jpg 200w, https:\/\/stkp.pzs.si\/wp-content\/uploads\/2016\/06\/Spust-v-Mali-Kum-1-300x169.jpg 300w, https:\/\/stkp.pzs.si\/wp-content\/uploads\/2016\/06\/Spust-v-Mali-Kum-1-100x56.jpg 100w, https:\/\/stkp.pzs.si\/wp-content\/uploads\/2016\/06\/Spust-v-Mali-Kum-1-150x84.jpg 150w, https:\/\/stkp.pzs.si\/wp-content\/uploads\/2016\/06\/Spust-v-Mali-Kum-1-450x253.jpg 450w, https:\/\/stkp.pzs.si\/wp-content\/uploads\/2016\/06\/Spust-v-Mali-Kum-1-600x338.jpg 600w, https:\/\/stkp.pzs.si\/wp-content\/uploads\/2016\/06\/Spust-v-Mali-Kum-1.jpg 800w\" sizes=\"(max-width: 200px) 100vw, 200px\" \/><\/a>\n\t\t\t<\/div>\n\t\t\t\t<figcaption class='wp-caption-text gallery-caption' id='gallery-1-1543'>\n\t\t\t\tSpust v Mali Kum\n\t\t\t\t<\/figcaption><\/figure><figure class='gallery-item'>\n\t\t\t<div class='gallery-icon landscape'>\n\t\t\t\t<a href='https:\/\/stkp.pzs.si\/en\/2016\/06\/18\/42-planinski-dom-na-kumu-planinski-dom-na-jancah\/mali-kum-2\/'><img data-attachment-id=\"1570\" data-orig-file=\"https:\/\/stkp.pzs.si\/wp-content\/uploads\/2016\/06\/Mali-Kum-1.jpg\" data-orig-size=\"800,450\" data-comments-opened=\"1\" data-image-meta=\"{&quot;aperture&quot;:&quot;3.3&quot;,&quot;credit&quot;:&quot;&quot;,&quot;camera&quot;:&quot;DSC-HX9V&quot;,&quot;caption&quot;:&quot;&quot;,&quot;created_timestamp&quot;:&quot;1408880535&quot;,&quot;copyright&quot;:&quot;&quot;,&quot;focal_length&quot;:&quot;4.28&quot;,&quot;iso&quot;:&quot;100&quot;,&quot;shutter_speed&quot;:&quot;0.00625&quot;,&quot;title&quot;:&quot;&quot;,&quot;orientation&quot;:&quot;1&quot;,&quot;keywords&quot;:&quot;Array&quot;}\" data-image-title=\"Mali Kum\" data-image-description=\"\" data-medium-file=\"https:\/\/stkp.pzs.si\/wp-content\/uploads\/2016\/06\/Mali-Kum-1-300x169.jpg\" data-large-file=\"https:\/\/stkp.pzs.si\/wp-content\/uploads\/2016\/06\/Mali-Kum-1.jpg\" width=\"200\" height=\"113\" src=\"https:\/\/stkp.pzs.si\/wp-content\/uploads\/2016\/06\/Mali-Kum-1-200x113.jpg\" class=\"attachment-responsive-200 size-responsive-200\" alt=\"\" loading=\"lazy\" aria-describedby=\"gallery-1-1570\" srcset=\"https:\/\/stkp.pzs.si\/wp-content\/uploads\/2016\/06\/Mali-Kum-1-200x113.jpg 200w, https:\/\/stkp.pzs.si\/wp-content\/uploads\/2016\/06\/Mali-Kum-1-300x169.jpg 300w, https:\/\/stkp.pzs.si\/wp-content\/uploads\/2016\/06\/Mali-Kum-1-100x56.jpg 100w, https:\/\/stkp.pzs.si\/wp-content\/uploads\/2016\/06\/Mali-Kum-1-150x84.jpg 150w, https:\/\/stkp.pzs.si\/wp-content\/uploads\/2016\/06\/Mali-Kum-1-450x253.jpg 450w, https:\/\/stkp.pzs.si\/wp-content\/uploads\/2016\/06\/Mali-Kum-1-600x338.jpg 600w, https:\/\/stkp.pzs.si\/wp-content\/uploads\/2016\/06\/Mali-Kum-1.jpg 800w\" sizes=\"(max-width: 200px) 100vw, 200px\" \/><\/a>\n\t\t\t<\/div>\n\t\t\t\t<figcaption class='wp-caption-text gallery-caption' id='gallery-1-1570'>\n\t\t\t\tMali Kum\n\t\t\t\t<\/figcaption><\/figure><figure class='gallery-item'>\n\t\t\t<div class='gallery-icon landscape'>\n\t\t\t\t<a href='https:\/\/stkp.pzs.si\/en\/2016\/06\/18\/42-planinski-dom-na-kumu-planinski-dom-na-jancah\/planido\/'><img data-attachment-id=\"1586\" data-orig-file=\"https:\/\/stkp.pzs.si\/wp-content\/uploads\/2016\/06\/Planido.jpg\" data-orig-size=\"800,450\" data-comments-opened=\"1\" data-image-meta=\"{&quot;aperture&quot;:&quot;8&quot;,&quot;credit&quot;:&quot;&quot;,&quot;camera&quot;:&quot;DSC-HX9V&quot;,&quot;caption&quot;:&quot;&quot;,&quot;created_timestamp&quot;:&quot;1403343272&quot;,&quot;copyright&quot;:&quot;&quot;,&quot;focal_length&quot;:&quot;4.28&quot;,&quot;iso&quot;:&quot;100&quot;,&quot;shutter_speed&quot;:&quot;0.005&quot;,&quot;title&quot;:&quot;&quot;,&quot;orientation&quot;:&quot;1&quot;,&quot;keywords&quot;:&quot;Array&quot;}\" data-image-title=\"Planido Rti\u010de\" data-image-description=\"\" data-medium-file=\"https:\/\/stkp.pzs.si\/wp-content\/uploads\/2016\/06\/Planido-300x169.jpg\" data-large-file=\"https:\/\/stkp.pzs.si\/wp-content\/uploads\/2016\/06\/Planido.jpg\" width=\"200\" height=\"113\" src=\"https:\/\/stkp.pzs.si\/wp-content\/uploads\/2016\/06\/Planido-200x113.jpg\" class=\"attachment-responsive-200 size-responsive-200\" alt=\"\" loading=\"lazy\" aria-describedby=\"gallery-1-1586\" srcset=\"https:\/\/stkp.pzs.si\/wp-content\/uploads\/2016\/06\/Planido-200x113.jpg 200w, https:\/\/stkp.pzs.si\/wp-content\/uploads\/2016\/06\/Planido-300x169.jpg 300w, https:\/\/stkp.pzs.si\/wp-content\/uploads\/2016\/06\/Planido-100x56.jpg 100w, https:\/\/stkp.pzs.si\/wp-content\/uploads\/2016\/06\/Planido-150x84.jpg 150w, https:\/\/stkp.pzs.si\/wp-content\/uploads\/2016\/06\/Planido-450x253.jpg 450w, https:\/\/stkp.pzs.si\/wp-content\/uploads\/2016\/06\/Planido-600x338.jpg 600w, https:\/\/stkp.pzs.si\/wp-content\/uploads\/2016\/06\/Planido.jpg 800w\" sizes=\"(max-width: 200px) 100vw, 200px\" \/><\/a>\n\t\t\t<\/div>\n\t\t\t\t<figcaption class='wp-caption-text gallery-caption' id='gallery-1-1586'>\n\t\t\t\tPlanido Rti\u010de\n\t\t\t\t<\/figcaption><\/figure><figure class='gallery-item'>\n\t\t\t<div class='gallery-icon landscape'>\n\t\t\t\t<a href='https:\/\/stkp.pzs.si\/en\/2016\/06\/18\/42-planinski-dom-na-kumu-planinski-dom-na-jancah\/farna-cerkev-lurske-matere-bozje\/'><img data-attachment-id=\"1599\" data-orig-file=\"https:\/\/stkp.pzs.si\/wp-content\/uploads\/2016\/06\/Farna-cerkev-Lur\u0161ke-Matere-Bo\u017eje.jpg\" data-orig-size=\"800,450\" data-comments-opened=\"1\" data-image-meta=\"{&quot;aperture&quot;:&quot;8&quot;,&quot;credit&quot;:&quot;&quot;,&quot;camera&quot;:&quot;DSC-HX9V&quot;,&quot;caption&quot;:&quot;&quot;,&quot;created_timestamp&quot;:&quot;1472382366&quot;,&quot;copyright&quot;:&quot;&quot;,&quot;focal_length&quot;:&quot;4.28&quot;,&quot;iso&quot;:&quot;100&quot;,&quot;shutter_speed&quot;:&quot;0.0025&quot;,&quot;title&quot;:&quot;&quot;,&quot;orientation&quot;:&quot;1&quot;,&quot;keywords&quot;:&quot;Array&quot;}\" data-image-title=\"Pol\u0161nik &#8211; Farna cerkev Lur\u0161ke Matere Bo\u017eje\" data-image-description=\"\" data-medium-file=\"https:\/\/stkp.pzs.si\/wp-content\/uploads\/2016\/06\/Farna-cerkev-Lur\u0161ke-Matere-Bo\u017eje-300x169.jpg\" data-large-file=\"https:\/\/stkp.pzs.si\/wp-content\/uploads\/2016\/06\/Farna-cerkev-Lur\u0161ke-Matere-Bo\u017eje.jpg\" width=\"200\" height=\"113\" src=\"https:\/\/stkp.pzs.si\/wp-content\/uploads\/2016\/06\/Farna-cerkev-Lur\u0161ke-Matere-Bo\u017eje-200x113.jpg\" class=\"attachment-responsive-200 size-responsive-200\" alt=\"\" loading=\"lazy\" aria-describedby=\"gallery-1-1599\" srcset=\"https:\/\/stkp.pzs.si\/wp-content\/uploads\/2016\/06\/Farna-cerkev-Lur\u0161ke-Matere-Bo\u017eje-200x113.jpg 200w, https:\/\/stkp.pzs.si\/wp-content\/uploads\/2016\/06\/Farna-cerkev-Lur\u0161ke-Matere-Bo\u017eje-300x169.jpg 300w, https:\/\/stkp.pzs.si\/wp-content\/uploads\/2016\/06\/Farna-cerkev-Lur\u0161ke-Matere-Bo\u017eje-100x56.jpg 100w, https:\/\/stkp.pzs.si\/wp-content\/uploads\/2016\/06\/Farna-cerkev-Lur\u0161ke-Matere-Bo\u017eje-150x84.jpg 150w, https:\/\/stkp.pzs.si\/wp-content\/uploads\/2016\/06\/Farna-cerkev-Lur\u0161ke-Matere-Bo\u017eje-450x253.jpg 450w, https:\/\/stkp.pzs.si\/wp-content\/uploads\/2016\/06\/Farna-cerkev-Lur\u0161ke-Matere-Bo\u017eje-600x338.jpg 600w, https:\/\/stkp.pzs.si\/wp-content\/uploads\/2016\/06\/Farna-cerkev-Lur\u0161ke-Matere-Bo\u017eje.jpg 800w\" sizes=\"(max-width: 200px) 100vw, 200px\" \/><\/a>\n\t\t\t<\/div>\n\t\t\t\t<figcaption class='wp-caption-text gallery-caption' id='gallery-1-1599'>\n\t\t\t\tPol\u0161nik &#8211; Farna cerkev Lur\u0161ke Matere Bo\u017eje\n\t\t\t\t<\/figcaption><\/figure><figure class='gallery-item'>\n\t\t\t<div class='gallery-icon landscape'>\n\t\t\t\t<a href='https:\/\/stkp.pzs.si\/en\/2016\/06\/18\/42-planinski-dom-na-kumu-planinski-dom-na-jancah\/polsnik\/'><img data-attachment-id=\"1601\" data-orig-file=\"https:\/\/stkp.pzs.si\/wp-content\/uploads\/2016\/06\/Pol\u0161nik.jpg\" data-orig-size=\"800,450\" data-comments-opened=\"1\" data-image-meta=\"{&quot;aperture&quot;:&quot;4.5&quot;,&quot;credit&quot;:&quot;&quot;,&quot;camera&quot;:&quot;DSC-HX9V&quot;,&quot;caption&quot;:&quot;&quot;,&quot;created_timestamp&quot;:&quot;1472382876&quot;,&quot;copyright&quot;:&quot;&quot;,&quot;focal_length&quot;:&quot;14.99&quot;,&quot;iso&quot;:&quot;100&quot;,&quot;shutter_speed&quot;:&quot;0.002&quot;,&quot;title&quot;:&quot;&quot;,&quot;orientation&quot;:&quot;1&quot;,&quot;keywords&quot;:&quot;Array&quot;}\" data-image-title=\"Pol\u0161nik\" data-image-description=\"\" data-medium-file=\"https:\/\/stkp.pzs.si\/wp-content\/uploads\/2016\/06\/Pol\u0161nik-300x169.jpg\" data-large-file=\"https:\/\/stkp.pzs.si\/wp-content\/uploads\/2016\/06\/Pol\u0161nik.jpg\" width=\"200\" height=\"113\" src=\"https:\/\/stkp.pzs.si\/wp-content\/uploads\/2016\/06\/Pol\u0161nik-200x113.jpg\" class=\"attachment-responsive-200 size-responsive-200\" alt=\"\" loading=\"lazy\" aria-describedby=\"gallery-1-1601\" srcset=\"https:\/\/stkp.pzs.si\/wp-content\/uploads\/2016\/06\/Pol\u0161nik-200x113.jpg 200w, https:\/\/stkp.pzs.si\/wp-content\/uploads\/2016\/06\/Pol\u0161nik-300x169.jpg 300w, https:\/\/stkp.pzs.si\/wp-content\/uploads\/2016\/06\/Pol\u0161nik-100x56.jpg 100w, https:\/\/stkp.pzs.si\/wp-content\/uploads\/2016\/06\/Pol\u0161nik-150x84.jpg 150w, https:\/\/stkp.pzs.si\/wp-content\/uploads\/2016\/06\/Pol\u0161nik-450x253.jpg 450w, https:\/\/stkp.pzs.si\/wp-content\/uploads\/2016\/06\/Pol\u0161nik-600x338.jpg 600w, https:\/\/stkp.pzs.si\/wp-content\/uploads\/2016\/06\/Pol\u0161nik.jpg 800w\" sizes=\"(max-width: 200px) 100vw, 200px\" \/><\/a>\n\t\t\t<\/div>\n\t\t\t\t<figcaption class='wp-caption-text gallery-caption' id='gallery-1-1601'>\n\t\t\t\tPol\u0161nik\n\t\t\t\t<\/figcaption><\/figure><figure class='gallery-item'>\n\t\t\t<div class='gallery-icon landscape'>\n\t\t\t\t<a href='https:\/\/stkp.pzs.si\/en\/2016\/06\/18\/42-planinski-dom-na-kumu-planinski-dom-na-jancah\/razgled-iz-poti-v-dolgo-brdo\/'><img data-attachment-id=\"1603\" data-orig-file=\"https:\/\/stkp.pzs.si\/wp-content\/uploads\/2016\/06\/Razgled-iz-poti-v-Dolgo-Brdo-.jpg\" data-orig-size=\"800,450\" data-comments-opened=\"1\" data-image-meta=\"{&quot;aperture&quot;:&quot;3.3&quot;,&quot;credit&quot;:&quot;&quot;,&quot;camera&quot;:&quot;DSC-HX9V&quot;,&quot;caption&quot;:&quot;&quot;,&quot;created_timestamp&quot;:&quot;1472384037&quot;,&quot;copyright&quot;:&quot;&quot;,&quot;focal_length&quot;:&quot;4.28&quot;,&quot;iso&quot;:&quot;100&quot;,&quot;shutter_speed&quot;:&quot;0.001&quot;,&quot;title&quot;:&quot;&quot;,&quot;orientation&quot;:&quot;1&quot;,&quot;keywords&quot;:&quot;Array&quot;}\" data-image-title=\"Razgled iz poti v Dolgo Brdo\" data-image-description=\"\" data-medium-file=\"https:\/\/stkp.pzs.si\/wp-content\/uploads\/2016\/06\/Razgled-iz-poti-v-Dolgo-Brdo--300x169.jpg\" data-large-file=\"https:\/\/stkp.pzs.si\/wp-content\/uploads\/2016\/06\/Razgled-iz-poti-v-Dolgo-Brdo-.jpg\" width=\"200\" height=\"113\" src=\"https:\/\/stkp.pzs.si\/wp-content\/uploads\/2016\/06\/Razgled-iz-poti-v-Dolgo-Brdo--200x113.jpg\" class=\"attachment-responsive-200 size-responsive-200\" alt=\"\" loading=\"lazy\" aria-describedby=\"gallery-1-1603\" srcset=\"https:\/\/stkp.pzs.si\/wp-content\/uploads\/2016\/06\/Razgled-iz-poti-v-Dolgo-Brdo--200x113.jpg 200w, https:\/\/stkp.pzs.si\/wp-content\/uploads\/2016\/06\/Razgled-iz-poti-v-Dolgo-Brdo--300x169.jpg 300w, https:\/\/stkp.pzs.si\/wp-content\/uploads\/2016\/06\/Razgled-iz-poti-v-Dolgo-Brdo--100x56.jpg 100w, https:\/\/stkp.pzs.si\/wp-content\/uploads\/2016\/06\/Razgled-iz-poti-v-Dolgo-Brdo--150x84.jpg 150w, https:\/\/stkp.pzs.si\/wp-content\/uploads\/2016\/06\/Razgled-iz-poti-v-Dolgo-Brdo--450x253.jpg 450w, https:\/\/stkp.pzs.si\/wp-content\/uploads\/2016\/06\/Razgled-iz-poti-v-Dolgo-Brdo--600x338.jpg 600w, https:\/\/stkp.pzs.si\/wp-content\/uploads\/2016\/06\/Razgled-iz-poti-v-Dolgo-Brdo-.jpg 800w\" sizes=\"(max-width: 200px) 100vw, 200px\" \/><\/a>\n\t\t\t<\/div>\n\t\t\t\t<figcaption class='wp-caption-text gallery-caption' id='gallery-1-1603'>\n\t\t\t\tRazgled iz poti v Dolgo Brdo\n\t\t\t\t<\/figcaption><\/figure><figure class='gallery-item'>\n\t\t\t<div class='gallery-icon landscape'>\n\t\t\t\t<a href='https:\/\/stkp.pzs.si\/en\/2016\/06\/18\/42-planinski-dom-na-kumu-planinski-dom-na-jancah\/v-smeri-dolgega-brda\/'><img data-attachment-id=\"1605\" data-orig-file=\"https:\/\/stkp.pzs.si\/wp-content\/uploads\/2016\/06\/V-smeri-Dolgega-Brda.jpg\" data-orig-size=\"800,450\" data-comments-opened=\"1\" data-image-meta=\"{&quot;aperture&quot;:&quot;8&quot;,&quot;credit&quot;:&quot;&quot;,&quot;camera&quot;:&quot;DSC-HX9V&quot;,&quot;caption&quot;:&quot;&quot;,&quot;created_timestamp&quot;:&quot;1472384661&quot;,&quot;copyright&quot;:&quot;&quot;,&quot;focal_length&quot;:&quot;4.28&quot;,&quot;iso&quot;:&quot;100&quot;,&quot;shutter_speed&quot;:&quot;0.005&quot;,&quot;title&quot;:&quot;&quot;,&quot;orientation&quot;:&quot;1&quot;,&quot;keywords&quot;:&quot;Array&quot;}\" data-image-title=\"V smeri Dolgega Brda\" data-image-description=\"\" data-medium-file=\"https:\/\/stkp.pzs.si\/wp-content\/uploads\/2016\/06\/V-smeri-Dolgega-Brda-300x169.jpg\" data-large-file=\"https:\/\/stkp.pzs.si\/wp-content\/uploads\/2016\/06\/V-smeri-Dolgega-Brda.jpg\" width=\"200\" height=\"113\" src=\"https:\/\/stkp.pzs.si\/wp-content\/uploads\/2016\/06\/V-smeri-Dolgega-Brda-200x113.jpg\" class=\"attachment-responsive-200 size-responsive-200\" alt=\"\" loading=\"lazy\" aria-describedby=\"gallery-1-1605\" srcset=\"https:\/\/stkp.pzs.si\/wp-content\/uploads\/2016\/06\/V-smeri-Dolgega-Brda-200x113.jpg 200w, https:\/\/stkp.pzs.si\/wp-content\/uploads\/2016\/06\/V-smeri-Dolgega-Brda-300x169.jpg 300w, https:\/\/stkp.pzs.si\/wp-content\/uploads\/2016\/06\/V-smeri-Dolgega-Brda-100x56.jpg 100w, https:\/\/stkp.pzs.si\/wp-content\/uploads\/2016\/06\/V-smeri-Dolgega-Brda-150x84.jpg 150w, https:\/\/stkp.pzs.si\/wp-content\/uploads\/2016\/06\/V-smeri-Dolgega-Brda-450x253.jpg 450w, https:\/\/stkp.pzs.si\/wp-content\/uploads\/2016\/06\/V-smeri-Dolgega-Brda-600x338.jpg 600w, https:\/\/stkp.pzs.si\/wp-content\/uploads\/2016\/06\/V-smeri-Dolgega-Brda.jpg 800w\" sizes=\"(max-width: 200px) 100vw, 200px\" \/><\/a>\n\t\t\t<\/div>\n\t\t\t\t<figcaption class='wp-caption-text gallery-caption' id='gallery-1-1605'>\n\t\t\t\tV smeri Dolgega Brda\n\t\t\t\t<\/figcaption><\/figure><figure class='gallery-item'>\n\t\t\t<div class='gallery-icon landscape'>\n\t\t\t\t<a href='https:\/\/stkp.pzs.si\/en\/2016\/06\/18\/42-planinski-dom-na-kumu-planinski-dom-na-jancah\/bukovica\/'><img data-attachment-id=\"1607\" data-orig-file=\"https:\/\/stkp.pzs.si\/wp-content\/uploads\/2016\/06\/Bukovica.jpg\" data-orig-size=\"800,450\" data-comments-opened=\"1\" data-image-meta=\"{&quot;aperture&quot;:&quot;8&quot;,&quot;credit&quot;:&quot;&quot;,&quot;camera&quot;:&quot;DSC-HX9V&quot;,&quot;caption&quot;:&quot;&quot;,&quot;created_timestamp&quot;:&quot;1472385039&quot;,&quot;copyright&quot;:&quot;&quot;,&quot;focal_length&quot;:&quot;4.28&quot;,&quot;iso&quot;:&quot;100&quot;,&quot;shutter_speed&quot;:&quot;0.005&quot;,&quot;title&quot;:&quot;&quot;,&quot;orientation&quot;:&quot;1&quot;,&quot;keywords&quot;:&quot;Array&quot;}\" data-image-title=\"Bukovica\" data-image-description=\"\" data-medium-file=\"https:\/\/stkp.pzs.si\/wp-content\/uploads\/2016\/06\/Bukovica-300x169.jpg\" data-large-file=\"https:\/\/stkp.pzs.si\/wp-content\/uploads\/2016\/06\/Bukovica.jpg\" width=\"200\" height=\"113\" src=\"https:\/\/stkp.pzs.si\/wp-content\/uploads\/2016\/06\/Bukovica-200x113.jpg\" class=\"attachment-responsive-200 size-responsive-200\" alt=\"\" loading=\"lazy\" aria-describedby=\"gallery-1-1607\" srcset=\"https:\/\/stkp.pzs.si\/wp-content\/uploads\/2016\/06\/Bukovica-200x113.jpg 200w, https:\/\/stkp.pzs.si\/wp-content\/uploads\/2016\/06\/Bukovica-300x169.jpg 300w, https:\/\/stkp.pzs.si\/wp-content\/uploads\/2016\/06\/Bukovica-100x56.jpg 100w, https:\/\/stkp.pzs.si\/wp-content\/uploads\/2016\/06\/Bukovica-150x84.jpg 150w, https:\/\/stkp.pzs.si\/wp-content\/uploads\/2016\/06\/Bukovica-450x253.jpg 450w, https:\/\/stkp.pzs.si\/wp-content\/uploads\/2016\/06\/Bukovica-600x338.jpg 600w, https:\/\/stkp.pzs.si\/wp-content\/uploads\/2016\/06\/Bukovica.jpg 800w\" sizes=\"(max-width: 200px) 100vw, 200px\" \/><\/a>\n\t\t\t<\/div>\n\t\t\t\t<figcaption class='wp-caption-text gallery-caption' id='gallery-1-1607'>\n\t\t\t\tBukovica\n\t\t\t\t<\/figcaption><\/figure>\n\t\t<\/div>\n\n<p><iframe loading=\"lazy\" src=\"https:\/\/poti.pzs.si\/?pot=stkp&amp;etapa=42&amp;omejeno&amp;visinaloceno\" width=\"100%\" height=\"700\" allowfullscreen=\"allowfullscreen\"><\/iframe><\/p>\n","protected":false},"excerpt":{"rendered":"<p>Dol\u017eina:&nbsp; Vzpon:&nbsp; Spust: Trajanje: 7-8 ur. Kondicijska zahtevnost:,&nbsp; Zelo zahtevna. Tehni\u010dna zahtevnost:, Srednje zahtevna. Prevoznost: Trasa je prevozna v&nbsp; mokrem in v suhem vremenu. Podlaga:: Makadam, asfalt, kolovoz, vlaka, steza. Markiranost trase:&nbsp; Da. Od planinskega doma&nbsp;se spustimo dobra dva kilometra&nbsp;v<span class=\"ellipsis\">&hellip;<\/span><\/p>\n<div class=\"read-more\"><a href=\"https:\/\/stkp.pzs.si\/en\/2016\/06\/18\/42-planinski-dom-na-kumu-planinski-dom-na-jancah\/\">Read more <span class=\"screen-reader-text\">42: Planinski dom na Kumu &#8211; Planinski dom na Jan\u010dah<\/span><span class=\"meta-nav\"> &#8250;<\/span><\/a><\/div>\n<p><!-- end of .read-more --><\/p>\n","protected":false},"author":15,"featured_media":0,"comment_status":"open","ping_status":"open","sticky":false,"template":"","format":"standard","meta":{"_monsterinsights_skip_tracking":false,"_monsterinsights_sitenote_active":false,"_monsterinsights_sitenote_note":"","_monsterinsights_sitenote_category":0},"categories":[17],"tags":[],"_links":{"self":[{"href":"https:\/\/stkp.pzs.si\/en\/wp-json\/wp\/v2\/posts\/879"}],"collection":[{"href":"https:\/\/stkp.pzs.si\/en\/wp-json\/wp\/v2\/posts"}],"about":[{"href":"https:\/\/stkp.pzs.si\/en\/wp-json\/wp\/v2\/types\/post"}],"author":[{"embeddable":true,"href":"https:\/\/stkp.pzs.si\/en\/wp-json\/wp\/v2\/users\/15"}],"replies":[{"embeddable":true,"href":"https:\/\/stkp.pzs.si\/en\/wp-json\/wp\/v2\/comments?post=879"}],"version-history":[{"count":77,"href":"https:\/\/stkp.pzs.si\/en\/wp-json\/wp\/v2\/posts\/879\/revisions"}],"predecessor-version":[{"id":3001,"href":"https:\/\/stkp.pzs.si\/en\/wp-json\/wp\/v2\/posts\/879\/revisions\/3001"}],"wp:attachment":[{"href":"https:\/\/stkp.pzs.si\/en\/wp-json\/wp\/v2\/media?parent=879"}],"wp:term":[{"taxonomy":"category","embeddable":true,"href":"https:\/\/stkp.pzs.si\/en\/wp-json\/wp\/v2\/categories?post=879"},{"taxonomy":"post_tag","embeddable":true,"href":"https:\/\/stkp.pzs.si\/en\/wp-json\/wp\/v2\/tags?post=879"}],"curies":[{"name":"wp","href":"https:\/\/api.w.org\/{rel}","templated":true}]}}